{"id":937,"date":"2020-05-17T14:04:00","date_gmt":"2020-05-17T14:04:00","guid":{"rendered":"http:\/\/energica.pt\/?p=937"},"modified":"2020-06-12T14:07:28","modified_gmt":"2020-06-12T14:07:28","slug":"incentivos-as-microempresas-adaptacao-dos-estabelecimentos-as-condicoes-do-covid-19","status":"publish","type":"post","link":"https:\/\/energica.pt\/en\/incentivos-as-microempresas-adaptacao-dos-estabelecimentos-as-condicoes-do-covid-19\/","title":{"rendered":"Incentivos \u00e0s Microempresas: adapta\u00e7\u00e3o dos estabelecimentos \u00e0s condi\u00e7\u00f5es do COVID-19"},"content":{"rendered":"<p>Encontram-se abertas candidaturas para apoiar as empresas na adapta\u00e7\u00e3o dos seus estabelecimentos, m\u00e9todos de organiza\u00e7\u00e3o do trabalho e de relacionamento com clientes e fornecedores, \u00e0s novas condi\u00e7\u00f5es do contexto da pandemia de COVID-19.<\/p>\n\n\n\n<p><strong>Benefici\u00e1rios<\/strong>:<\/p>\n\n\n\n<ul><li>Microempresas (&lt;10 trabalhadores)<\/li><li>Todos os setores de atividade, incluindo \u2013 com\u00e9rcio e servi\u00e7os, alojamento e restaura\u00e7\u00e3o, ind\u00fastria e transportes.<\/li><\/ul>\n\n\n\n<p>Contact Us:&nbsp;<strong>geral@energica.pt<\/strong><\/p>","protected":false},"excerpt":{"rendered":"<p>Encontram-se abertas candidaturas para apoiar as empresas na adapta\u00e7\u00e3o dos seus estabelecimentos, m\u00e9todos de organiza\u00e7\u00e3o do trabalho e de relacionamento com clientes e fornecedores, \u00e0s novas condi\u00e7\u00f5es do contexto da pandemia de COVID-19. Benefici\u00e1rios: Microempresas (&lt;10 trabalhadores) Todos os setores de atividade, incluindo \u2013 com\u00e9rcio e servi\u00e7os, alojamento e restaura\u00e7\u00e3o, ind\u00fastria e transportes. Contacte-nos:&nbsp;geral@energica.pt<\/p>","protected":false},"author":1,"featured_media":938,"comment_status":"open","ping_status":"open","sticky":false,"template":"","format":"standard","meta":[],"categories":[7],"tags":[],"yoast_head":"<!-- This site is optimized with the Yoast SEO plugin v20.6 - https:\/\/yoast.com\/wordpress\/plugins\/seo\/ -->\n<title>Incentivos \u00e0s Microempresas: adapta\u00e7\u00e3o dos estabelecimentos \u00e0s condi\u00e7\u00f5es do COVID-19 - Energica<\/title>\n<meta name=\"description\" content=\"A Energica \u00e9 uma entidade certificada pela DGERT, e as forma\u00e7\u00f5es ministradas interv\u00eam numa multitude de \u00e1reas como a Comercial, Comportamental, Marketing, Tecnologias de Informa\u00e7\u00e3o e Higiene e Seguran\u00e7a no Trabalho.\" \/>\n<meta name=\"robots\" content=\"index, follow, max-snippet:-1, max-image-preview:large, max-video-preview:-1\" \/>\n<link rel=\"canonical\" href=\"https:\/\/energica.pt\/en\/incentivos-as-microempresas-adaptacao-dos-estabelecimentos-as-condicoes-do-covid-19\/\" \/>\n<meta property=\"og:locale\" content=\"en_GB\" \/>\n<meta property=\"og:type\" content=\"article\" \/>\n<meta property=\"og:title\" content=\"Incentivos \u00e0s Microempresas: adapta\u00e7\u00e3o dos estabelecimentos \u00e0s condi\u00e7\u00f5es do COVID-19 - Energica\" \/>\n<meta property=\"og:description\" content=\"A Energica \u00e9 uma entidade certificada pela DGERT, e as forma\u00e7\u00f5es ministradas interv\u00eam numa multitude de \u00e1reas como a Comercial, Comportamental, Marketing, Tecnologias de Informa\u00e7\u00e3o e Higiene e Seguran\u00e7a no Trabalho.\" \/>\n<meta property=\"og:url\" content=\"https:\/\/energica.pt\/en\/incentivos-as-microempresas-adaptacao-dos-estabelecimentos-as-condicoes-do-covid-19\/\" \/>\n<meta property=\"og:site_name\" content=\"Energica\" \/>\n<meta property=\"article:publisher\" content=\"https:\/\/www.facebook.com\/ENERGICA.Academia\" \/>\n<meta property=\"article:published_time\" content=\"2020-05-17T14:04:00+00:00\" \/>\n<meta property=\"article:modified_time\" content=\"2020-06-12T14:07:28+00:00\" \/>\n<meta property=\"og:image\" content=\"https:\/\/energica.pt\/wp-content\/uploads\/2020\/06\/COVID-19_BANNER-SITE-1024x410-1.png\" \/>\n\t<meta property=\"og:image:width\" content=\"1024\" \/>\n\t<meta property=\"og:image:height\" content=\"410\" \/>\n\t<meta property=\"og:image:type\" content=\"image\/png\" \/>\n<meta name=\"author\" content=\"admin\" \/>\n<meta name=\"twitter:card\" content=\"summary_large_image\" \/>\n<meta name=\"twitter:label1\" content=\"Written by\" \/>\n\t<meta name=\"twitter:data1\" content=\"admin\" \/>\n<script type=\"application\/ld+json\" class=\"yoast-schema-graph\">{\"@context\":\"https:\/\/schema.org\",\"@graph\":[{\"@type\":\"Article\",\"@id\":\"https:\/\/energica.pt\/en\/incentivos-as-microempresas-adaptacao-dos-estabelecimentos-as-condicoes-do-covid-19\/#article\",\"isPartOf\":{\"@id\":\"https:\/\/energica.pt\/en\/incentivos-as-microempresas-adaptacao-dos-estabelecimentos-as-condicoes-do-covid-19\/\"},\"author\":{\"name\":\"admin\",\"@id\":\"https:\/\/energica.pt\/#\/schema\/person\/964d05e375b35ea35c57a1fb804d76ce\"},\"headline\":\"Incentivos \u00e0s Microempresas: adapta\u00e7\u00e3o dos estabelecimentos \u00e0s condi\u00e7\u00f5es do COVID-19\",\"datePublished\":\"2020-05-17T14:04:00+00:00\",\"dateModified\":\"2020-06-12T14:07:28+00:00\",\"mainEntityOfPage\":{\"@id\":\"https:\/\/energica.pt\/en\/incentivos-as-microempresas-adaptacao-dos-estabelecimentos-as-condicoes-do-covid-19\/\"},\"wordCount\":78,\"commentCount\":0,\"publisher\":{\"@id\":\"https:\/\/energica.pt\/#organization\"},\"articleSection\":[\"Not\u00edcia\"],\"inLanguage\":\"en-GB\",\"potentialAction\":[{\"@type\":\"CommentAction\",\"name\":\"Comment\",\"target\":[\"https:\/\/energica.pt\/en\/incentivos-as-microempresas-adaptacao-dos-estabelecimentos-as-condicoes-do-covid-19\/#respond\"]}]},{\"@type\":\"WebPage\",\"@id\":\"https:\/\/energica.pt\/en\/incentivos-as-microempresas-adaptacao-dos-estabelecimentos-as-condicoes-do-covid-19\/\",\"url\":\"https:\/\/energica.pt\/en\/incentivos-as-microempresas-adaptacao-dos-estabelecimentos-as-condicoes-do-covid-19\/\",\"name\":\"Incentivos \u00e0s Microempresas: adapta\u00e7\u00e3o dos estabelecimentos \u00e0s condi\u00e7\u00f5es do COVID-19 - Energica\",\"isPartOf\":{\"@id\":\"https:\/\/energica.pt\/#website\"},\"datePublished\":\"2020-05-17T14:04:00+00:00\",\"dateModified\":\"2020-06-12T14:07:28+00:00\",\"description\":\"A Energica \u00e9 uma entidade certificada pela DGERT, e as forma\u00e7\u00f5es ministradas interv\u00eam numa multitude de \u00e1reas como a Comercial, Comportamental, Marketing, Tecnologias de Informa\u00e7\u00e3o e Higiene e Seguran\u00e7a no Trabalho.\",\"breadcrumb\":{\"@id\":\"https:\/\/energica.pt\/en\/incentivos-as-microempresas-adaptacao-dos-estabelecimentos-as-condicoes-do-covid-19\/#breadcrumb\"},\"inLanguage\":\"en-GB\",\"potentialAction\":[{\"@type\":\"ReadAction\",\"target\":[\"https:\/\/energica.pt\/en\/incentivos-as-microempresas-adaptacao-dos-estabelecimentos-as-condicoes-do-covid-19\/\"]}]},{\"@type\":\"BreadcrumbList\",\"@id\":\"https:\/\/energica.pt\/en\/incentivos-as-microempresas-adaptacao-dos-estabelecimentos-as-condicoes-do-covid-19\/#breadcrumb\",\"itemListElement\":[{\"@type\":\"ListItem\",\"position\":1,\"name\":\"In\u00edcio\",\"item\":\"https:\/\/energica.pt\/\"},{\"@type\":\"ListItem\",\"position\":2,\"name\":\"Incentivos \u00e0s Microempresas: adapta\u00e7\u00e3o dos estabelecimentos \u00e0s condi\u00e7\u00f5es do COVID-19\"}]},{\"@type\":\"WebSite\",\"@id\":\"https:\/\/energica.pt\/#website\",\"url\":\"https:\/\/energica.pt\/\",\"name\":\"Energica\",\"description\":\"Forma\u00e7\u00e3o e Consultoria\",\"publisher\":{\"@id\":\"https:\/\/energica.pt\/#organization\"},\"potentialAction\":[{\"@type\":\"SearchAction\",\"target\":{\"@type\":\"EntryPoint\",\"urlTemplate\":\"https:\/\/energica.pt\/?s={search_term_string}\"},\"query-input\":\"required name=search_term_string\"}],\"inLanguage\":\"en-GB\"},{\"@type\":\"Organization\",\"@id\":\"https:\/\/energica.pt\/#organization\",\"name\":\"Energica - Academia de Forma\u00e7\u00e3o e Consultoria\",\"url\":\"https:\/\/energica.pt\/\",\"logo\":{\"@type\":\"ImageObject\",\"inLanguage\":\"en-GB\",\"@id\":\"https:\/\/energica.pt\/#\/schema\/logo\/image\/\",\"url\":\"https:\/\/energica.pt\/wp-content\/uploads\/2020\/05\/logo_energica_2020-01.png\",\"contentUrl\":\"https:\/\/energica.pt\/wp-content\/uploads\/2020\/05\/logo_energica_2020-01.png\",\"width\":1772,\"height\":1182,\"caption\":\"Energica - Academia de Forma\u00e7\u00e3o e Consultoria\"},\"image\":{\"@id\":\"https:\/\/energica.pt\/#\/schema\/logo\/image\/\"},\"sameAs\":[\"https:\/\/www.facebook.com\/ENERGICA.Academia\",\"https:\/\/www.instagram.com\/ENERGICA_Academia\/\"]},{\"@type\":\"Person\",\"@id\":\"https:\/\/energica.pt\/#\/schema\/person\/964d05e375b35ea35c57a1fb804d76ce\",\"name\":\"admin\",\"image\":{\"@type\":\"ImageObject\",\"inLanguage\":\"en-GB\",\"@id\":\"https:\/\/energica.pt\/#\/schema\/person\/image\/\",\"url\":\"https:\/\/secure.gravatar.com\/avatar\/01599ff931e350df124988981cbde414?s=96&d=mm&r=g\",\"contentUrl\":\"https:\/\/secure.gravatar.com\/avatar\/01599ff931e350df124988981cbde414?s=96&d=mm&r=g\",\"caption\":\"admin\"}}]}<\/script>\n<!-- \/ Yoast SEO plugin. -->","yoast_head_json":{"title":"Incentivos \u00e0s Microempresas: adapta\u00e7\u00e3o dos estabelecimentos \u00e0s condi\u00e7\u00f5es do COVID-19 - Energica","description":"A Energica \u00e9 uma entidade certificada pela DGERT, e as forma\u00e7\u00f5es ministradas interv\u00eam numa multitude de \u00e1reas como a Comercial, Comportamental, Marketing, Tecnologias de Informa\u00e7\u00e3o e Higiene e Seguran\u00e7a no Trabalho.","robots":{"index":"index","follow":"follow","max-snippet":"max-snippet:-1","max-image-preview":"max-image-preview:large","max-video-preview":"max-video-preview:-1"},"canonical":"https:\/\/energica.pt\/en\/incentivos-as-microempresas-adaptacao-dos-estabelecimentos-as-condicoes-do-covid-19\/","og_locale":"en_GB","og_type":"article","og_title":"Incentivos \u00e0s Microempresas: adapta\u00e7\u00e3o dos estabelecimentos \u00e0s condi\u00e7\u00f5es do COVID-19 - Energica","og_description":"A Energica \u00e9 uma entidade certificada pela DGERT, e as forma\u00e7\u00f5es ministradas interv\u00eam numa multitude de \u00e1reas como a Comercial, Comportamental, Marketing, Tecnologias de Informa\u00e7\u00e3o e Higiene e Seguran\u00e7a no Trabalho.","og_url":"https:\/\/energica.pt\/en\/incentivos-as-microempresas-adaptacao-dos-estabelecimentos-as-condicoes-do-covid-19\/","og_site_name":"Energica","article_publisher":"https:\/\/www.facebook.com\/ENERGICA.Academia","article_published_time":"2020-05-17T14:04:00+00:00","article_modified_time":"2020-06-12T14:07:28+00:00","og_image":[{"width":1024,"height":410,"url":"https:\/\/energica.pt\/wp-content\/uploads\/2020\/06\/COVID-19_BANNER-SITE-1024x410-1.png","type":"image\/png"}],"author":"admin","twitter_card":"summary_large_image","twitter_misc":{"Written by":"admin"},"schema":{"@context":"https:\/\/schema.org","@graph":[{"@type":"Article","@id":"https:\/\/energica.pt\/en\/incentivos-as-microempresas-adaptacao-dos-estabelecimentos-as-condicoes-do-covid-19\/#article","isPartOf":{"@id":"https:\/\/energica.pt\/en\/incentivos-as-microempresas-adaptacao-dos-estabelecimentos-as-condicoes-do-covid-19\/"},"author":{"name":"admin","@id":"https:\/\/energica.pt\/#\/schema\/person\/964d05e375b35ea35c57a1fb804d76ce"},"headline":"Incentivos \u00e0s Microempresas: adapta\u00e7\u00e3o dos estabelecimentos \u00e0s condi\u00e7\u00f5es do COVID-19","datePublished":"2020-05-17T14:04:00+00:00","dateModified":"2020-06-12T14:07:28+00:00","mainEntityOfPage":{"@id":"https:\/\/energica.pt\/en\/incentivos-as-microempresas-adaptacao-dos-estabelecimentos-as-condicoes-do-covid-19\/"},"wordCount":78,"commentCount":0,"publisher":{"@id":"https:\/\/energica.pt\/#organization"},"articleSection":["Not\u00edcia"],"inLanguage":"en-GB","potentialAction":[{"@type":"CommentAction","name":"Comment","target":["https:\/\/energica.pt\/en\/incentivos-as-microempresas-adaptacao-dos-estabelecimentos-as-condicoes-do-covid-19\/#respond"]}]},{"@type":"WebPage","@id":"https:\/\/energica.pt\/en\/incentivos-as-microempresas-adaptacao-dos-estabelecimentos-as-condicoes-do-covid-19\/","url":"https:\/\/energica.pt\/en\/incentivos-as-microempresas-adaptacao-dos-estabelecimentos-as-condicoes-do-covid-19\/","name":"Incentivos \u00e0s Microempresas: adapta\u00e7\u00e3o dos estabelecimentos \u00e0s condi\u00e7\u00f5es do COVID-19 - Energica","isPartOf":{"@id":"https:\/\/energica.pt\/#website"},"datePublished":"2020-05-17T14:04:00+00:00","dateModified":"2020-06-12T14:07:28+00:00","description":"A Energica \u00e9 uma entidade certificada pela DGERT, e as forma\u00e7\u00f5es ministradas interv\u00eam numa multitude de \u00e1reas como a Comercial, Comportamental, Marketing, Tecnologias de Informa\u00e7\u00e3o e Higiene e Seguran\u00e7a no Trabalho.","breadcrumb":{"@id":"https:\/\/energica.pt\/en\/incentivos-as-microempresas-adaptacao-dos-estabelecimentos-as-condicoes-do-covid-19\/#breadcrumb"},"inLanguage":"en-GB","potentialAction":[{"@type":"ReadAction","target":["https:\/\/energica.pt\/en\/incentivos-as-microempresas-adaptacao-dos-estabelecimentos-as-condicoes-do-covid-19\/"]}]},{"@type":"BreadcrumbList","@id":"https:\/\/energica.pt\/en\/incentivos-as-microempresas-adaptacao-dos-estabelecimentos-as-condicoes-do-covid-19\/#breadcrumb","itemListElement":[{"@type":"ListItem","position":1,"name":"In\u00edcio","item":"https:\/\/energica.pt\/"},{"@type":"ListItem","position":2,"name":"Incentivos \u00e0s Microempresas: adapta\u00e7\u00e3o dos estabelecimentos \u00e0s condi\u00e7\u00f5es do COVID-19"}]},{"@type":"WebSite","@id":"https:\/\/energica.pt\/#website","url":"https:\/\/energica.pt\/","name":"Energica","description":"Forma\u00e7\u00e3o e Consultoria","publisher":{"@id":"https:\/\/energica.pt\/#organization"},"potentialAction":[{"@type":"SearchAction","target":{"@type":"EntryPoint","urlTemplate":"https:\/\/energica.pt\/?s={search_term_string}"},"query-input":"required name=search_term_string"}],"inLanguage":"en-GB"},{"@type":"Organization","@id":"https:\/\/energica.pt\/#organization","name":"Energica - Academia de Forma\u00e7\u00e3o e Consultoria","url":"https:\/\/energica.pt\/","logo":{"@type":"ImageObject","inLanguage":"en-GB","@id":"https:\/\/energica.pt\/#\/schema\/logo\/image\/","url":"https:\/\/energica.pt\/wp-content\/uploads\/2020\/05\/logo_energica_2020-01.png","contentUrl":"https:\/\/energica.pt\/wp-content\/uploads\/2020\/05\/logo_energica_2020-01.png","width":1772,"height":1182,"caption":"Energica - Academia de Forma\u00e7\u00e3o e Consultoria"},"image":{"@id":"https:\/\/energica.pt\/#\/schema\/logo\/image\/"},"sameAs":["https:\/\/www.facebook.com\/ENERGICA.Academia","https:\/\/www.instagram.com\/ENERGICA_Academia\/"]},{"@type":"Person","@id":"https:\/\/energica.pt\/#\/schema\/person\/964d05e375b35ea35c57a1fb804d76ce","name":"admin","image":{"@type":"ImageObject","inLanguage":"en-GB","@id":"https:\/\/energica.pt\/#\/schema\/person\/image\/","url":"https:\/\/secure.gravatar.com\/avatar\/01599ff931e350df124988981cbde414?s=96&d=mm&r=g","contentUrl":"https:\/\/secure.gravatar.com\/avatar\/01599ff931e350df124988981cbde414?s=96&d=mm&r=g","caption":"admin"}}]}},"_links":{"self":[{"href":"https:\/\/energica.pt\/en\/wp-json\/wp\/v2\/posts\/937"}],"collection":[{"href":"https:\/\/energica.pt\/en\/wp-json\/wp\/v2\/posts"}],"about":[{"href":"https:\/\/energica.pt\/en\/wp-json\/wp\/v2\/types\/post"}],"author":[{"embeddable":true,"href":"https:\/\/energica.pt\/en\/wp-json\/wp\/v2\/users\/1"}],"replies":[{"embeddable":true,"href":"https:\/\/energica.pt\/en\/wp-json\/wp\/v2\/comments?post=937"}],"version-history":[{"count":1,"href":"https:\/\/energica.pt\/en\/wp-json\/wp\/v2\/posts\/937\/revisions"}],"predecessor-version":[{"id":946,"href":"https:\/\/energica.pt\/en\/wp-json\/wp\/v2\/posts\/937\/revisions\/946"}],"wp:featuredmedia":[{"embeddable":true,"href":"https:\/\/energica.pt\/en\/wp-json\/wp\/v2\/media\/938"}],"wp:attachment":[{"href":"https:\/\/energica.pt\/en\/wp-json\/wp\/v2\/media?parent=937"}],"wp:term":[{"taxonomy":"category","embeddable":true,"href":"https:\/\/energica.pt\/en\/wp-json\/wp\/v2\/categories?post=937"},{"taxonomy":"post_tag","embeddable":true,"href":"https:\/\/energica.pt\/en\/wp-json\/wp\/v2\/tags?post=937"}],"curies":[{"name":"wp","href":"https:\/\/api.w.org\/{rel}","templated":true}]}}